{"id":106,"date":"2019-01-28T11:17:06","date_gmt":"2019-01-28T16:17:06","guid":{"rendered":"https:\/\/ladroit.org\/podcast\/?p=106"},"modified":"2019-01-28T11:17:06","modified_gmt":"2019-01-28T16:17:06","slug":"la-prise-de-contact","status":"publish","type":"post","link":"https:\/\/ladroit.org\/podcast\/2019\/01\/28\/la-prise-de-contact\/","title":{"rendered":"La prise de contact"},"content":{"rendered":"<p>L\u2019accueil offert par le groupe doit d\u00e9montrer que ses membres se pr\u00e9occupent d\u2019abord et avant tout des personnes auxquelles leur action est consacr\u00e9e. La prise de contact entre le groupe et une personne donn\u00e9e doit donc permettre \u00e0 celle-ci de d\u00e9finir et de pr\u00e9ciser ses besoins. Une information aussi compl\u00e8te que possible sur les droits de chacun et sur les recours existants doit \u00e9galement \u00eatre offerte aux personnes qui le d\u00e9sirent.<\/p>\n<div class=\"powerpress_player\" id=\"powerpress_player_2806\"><div style=\"width: 640px;\" class=\"wp-video\"><!--[if lt IE 9]><script>document.createElement('video');<\/script><![endif]-->\n<video class=\"wp-video-shortcode\" id=\"video-106-1\" width=\"640\" height=\"360\" preload=\"none\" controls=\"controls\"><source type=\"video\/mp4\" src=\"https:\/\/media.blubrry.com\/podcast_de_la_droit_de\/p\/ladroit.org\/podcast\/wp-content\/uploads\/2019\/01\/R\u00f4le-du-groupe-01-Prise-de-contact.mp4?_=1\" \/><a href=\"https:\/\/media.blubrry.com\/podcast_de_la_droit_de\/p\/ladroit.org\/podcast\/wp-content\/uploads\/2019\/01\/R\u00f4le-du-groupe-01-Prise-de-contact.mp4\">https:\/\/media.blubrry.com\/podcast_de_la_droit_de\/p\/ladroit.org\/podcast\/wp-content\/uploads\/2019\/01\/R\u00f4le-du-groupe-01-Prise-de-contact.mp4<\/a><\/video><\/div><\/div><p class=\"powerpress_links powerpress_links_mp4\">Podcast: <a href=\"https:\/\/media.blubrry.com\/podcast_de_la_droit_de\/p\/ladroit.org\/podcast\/wp-content\/uploads\/2019\/01\/R\u00f4le-du-groupe-01-Prise-de-contact.mp4\" class=\"powerpress_link_pinw\" target=\"_blank\" title=\"Play in new window\" onclick=\"return powerpress_pinw('https:\/\/ladroit.org\/podcast\/?powerpress_pinw=106-podcast');\" rel=\"nofollow\">Play in new window<\/a> | <a href=\"https:\/\/media.blubrry.com\/podcast_de_la_droit_de\/s\/ladroit.org\/podcast\/wp-content\/uploads\/2019\/01\/R\u00f4le-du-groupe-01-Prise-de-contact.mp4\" class=\"powerpress_link_d\" title=\"Download\" rel=\"nofollow\" download=\"R\u00f4le-du-groupe-01-Prise-de-contact.mp4\">Download<\/a><\/p><p class=\"powerpress_links powerpress_subscribe_links\">Subscribe: <a href=\"https:\/\/ladroit.org\/podcast\/feed\/podcast\/\" class=\"powerpress_link_subscribe powerpress_link_subscribe_rss\" title=\"Subscribe via RSS\" rel=\"nofollow\">RSS<\/a><\/p>","protected":false},"excerpt":{"rendered":"<p>L\u2019accueil offert par le groupe doit d\u00e9montrer que ses membres se pr\u00e9occupent d\u2019abord et avant tout des personnes auxquelles leur action est consacr\u00e9e. La prise de contact entre le groupe et une personne donn\u00e9e doit donc permettre \u00e0 celle-ci de d\u00e9finir et de pr\u00e9ciser ses besoins. Une information aussi compl\u00e8te que possible sur les droits &hellip; <a href=\"https:\/\/ladroit.org\/podcast\/2019\/01\/28\/la-prise-de-contact\/\" class=\"more-link\">Continuer la lecture<span class=\"screen-reader-text\"> de &laquo;&nbsp;La prise de contact&nbsp;&raquo;<\/span><\/a><\/p>\n","protected":false},"author":2,"featured_media":0,"comment_status":"open","ping_status":"open","sticky":false,"template":"","format":"standard","meta":[],"categories":[3],"tags":[],"_links":{"self":[{"href":"https:\/\/ladroit.org\/podcast\/wp-json\/wp\/v2\/posts\/106"}],"collection":[{"href":"https:\/\/ladroit.org\/podcast\/wp-json\/wp\/v2\/posts"}],"about":[{"href":"https:\/\/ladroit.org\/podcast\/wp-json\/wp\/v2\/types\/post"}],"author":[{"embeddable":true,"href":"https:\/\/ladroit.org\/podcast\/wp-json\/wp\/v2\/users\/2"}],"replies":[{"embeddable":true,"href":"https:\/\/ladroit.org\/podcast\/wp-json\/wp\/v2\/comments?post=106"}],"version-history":[{"count":1,"href":"https:\/\/ladroit.org\/podcast\/wp-json\/wp\/v2\/posts\/106\/revisions"}],"predecessor-version":[{"id":107,"href":"https:\/\/ladroit.org\/podcast\/wp-json\/wp\/v2\/posts\/106\/revisions\/107"}],"wp:attachment":[{"href":"https:\/\/ladroit.org\/podcast\/wp-json\/wp\/v2\/media?parent=106"}],"wp:term":[{"taxonomy":"category","embeddable":true,"href":"https:\/\/ladroit.org\/podcast\/wp-json\/wp\/v2\/categories?post=106"},{"taxonomy":"post_tag","embeddable":true,"href":"https:\/\/ladroit.org\/podcast\/wp-json\/wp\/v2\/tags?post=106"}],"curies":[{"name":"wp","href":"https:\/\/api.w.org\/{rel}","templated":true}]}}