{"id":108,"date":"2019-01-28T11:20:53","date_gmt":"2019-01-28T16:20:53","guid":{"rendered":"https:\/\/ladroit.org\/podcast\/?p=108"},"modified":"2019-01-28T11:20:53","modified_gmt":"2019-01-28T16:20:53","slug":"laide","status":"publish","type":"post","link":"https:\/\/ladroit.org\/podcast\/2019\/01\/28\/laide\/","title":{"rendered":"L\u2019aide"},"content":{"rendered":"<p>L\u2019aide offerte par les groupes de d\u00e9fense des droits en sant\u00e9 mentale consiste \u00e0 soutenir des personnes dans les d\u00e9marches qu\u2019elles entreprennent pour faire valoir leurs droits et avoir acc\u00e8s aux recours pr\u00e9vus.<\/p>\n<div class=\"powerpress_player\" id=\"powerpress_player_2108\"><div style=\"width: 640px;\" class=\"wp-video\"><!--[if lt IE 9]><script>document.createElement('video');<\/script><![endif]-->\n<video class=\"wp-video-shortcode\" id=\"video-108-1\" width=\"640\" height=\"360\" preload=\"none\" controls=\"controls\"><source type=\"video\/mp4\" src=\"https:\/\/media.blubrry.com\/podcast_de_la_droit_de\/p\/ladroit.org\/podcast\/wp-content\/uploads\/2019\/01\/R\u00f4le-du-groupe-02-LAide.mp4?_=1\" \/><a href=\"https:\/\/media.blubrry.com\/podcast_de_la_droit_de\/p\/ladroit.org\/podcast\/wp-content\/uploads\/2019\/01\/R\u00f4le-du-groupe-02-LAide.mp4\">https:\/\/media.blubrry.com\/podcast_de_la_droit_de\/p\/ladroit.org\/podcast\/wp-content\/uploads\/2019\/01\/R\u00f4le-du-groupe-02-LAide.mp4<\/a><\/video><\/div><\/div><p class=\"powerpress_links powerpress_links_mp4\">Podcast: <a href=\"https:\/\/media.blubrry.com\/podcast_de_la_droit_de\/p\/ladroit.org\/podcast\/wp-content\/uploads\/2019\/01\/R\u00f4le-du-groupe-02-LAide.mp4\" class=\"powerpress_link_pinw\" target=\"_blank\" title=\"Play in new window\" onclick=\"return powerpress_pinw('https:\/\/ladroit.org\/podcast\/?powerpress_pinw=108-podcast');\" rel=\"nofollow\">Play in new window<\/a> | <a href=\"https:\/\/media.blubrry.com\/podcast_de_la_droit_de\/s\/ladroit.org\/podcast\/wp-content\/uploads\/2019\/01\/R\u00f4le-du-groupe-02-LAide.mp4\" class=\"powerpress_link_d\" title=\"Download\" rel=\"nofollow\" download=\"R\u00f4le-du-groupe-02-LAide.mp4\">Download<\/a><\/p><p class=\"powerpress_links powerpress_subscribe_links\">Subscribe: <a href=\"https:\/\/ladroit.org\/podcast\/feed\/podcast\/\" class=\"powerpress_link_subscribe powerpress_link_subscribe_rss\" title=\"Subscribe via RSS\" rel=\"nofollow\">RSS<\/a><\/p>","protected":false},"excerpt":{"rendered":"<p>L\u2019aide offerte par les groupes de d\u00e9fense des droits en sant\u00e9 mentale consiste \u00e0 soutenir des personnes dans les d\u00e9marches qu\u2019elles entreprennent pour faire valoir leurs droits et avoir acc\u00e8s aux recours pr\u00e9vus.<\/p>\n","protected":false},"author":2,"featured_media":0,"comment_status":"open","ping_status":"open","sticky":false,"template":"","format":"standard","meta":[],"categories":[3],"tags":[],"_links":{"self":[{"href":"https:\/\/ladroit.org\/podcast\/wp-json\/wp\/v2\/posts\/108"}],"collection":[{"href":"https:\/\/ladroit.org\/podcast\/wp-json\/wp\/v2\/posts"}],"about":[{"href":"https:\/\/ladroit.org\/podcast\/wp-json\/wp\/v2\/types\/post"}],"author":[{"embeddable":true,"href":"https:\/\/ladroit.org\/podcast\/wp-json\/wp\/v2\/users\/2"}],"replies":[{"embeddable":true,"href":"https:\/\/ladroit.org\/podcast\/wp-json\/wp\/v2\/comments?post=108"}],"version-history":[{"count":1,"href":"https:\/\/ladroit.org\/podcast\/wp-json\/wp\/v2\/posts\/108\/revisions"}],"predecessor-version":[{"id":109,"href":"https:\/\/ladroit.org\/podcast\/wp-json\/wp\/v2\/posts\/108\/revisions\/109"}],"wp:attachment":[{"href":"https:\/\/ladroit.org\/podcast\/wp-json\/wp\/v2\/media?parent=108"}],"wp:term":[{"taxonomy":"category","embeddable":true,"href":"https:\/\/ladroit.org\/podcast\/wp-json\/wp\/v2\/categories?post=108"},{"taxonomy":"post_tag","embeddable":true,"href":"https:\/\/ladroit.org\/podcast\/wp-json\/wp\/v2\/tags?post=108"}],"curies":[{"name":"wp","href":"https:\/\/api.w.org\/{rel}","templated":true}]}}