{"id":122,"date":"2019-01-28T11:54:19","date_gmt":"2019-01-28T16:54:19","guid":{"rendered":"https:\/\/ladroit.org\/podcast\/?p=122"},"modified":"2019-05-13T11:51:53","modified_gmt":"2019-05-13T15:51:53","slug":"lautonomie-des-personnes","status":"publish","type":"post","link":"https:\/\/ladroit.org\/podcast\/2019\/01\/28\/lautonomie-des-personnes\/","title":{"rendered":"L\u2019autonomie des personnes"},"content":{"rendered":"<p>Les groupes r\u00e9gionaux de promotion et de d\u00e9fense des droits en sant\u00e9 mentale favorisent l\u2019autonomie des personnes en encourageant le d\u00e9veloppement de leurs comp\u00e9tences et l\u2019utilisation de leur potentiel et de leurs capacit\u00e9s pour promouvoir et d\u00e9fendre leurs droits. De cette fa\u00e7on, les personnes vis\u00e9es sont amen\u00e9es \u00e0 assumer le r\u00f4le principal dans la d\u00e9marche consistant \u00e0 d\u00e9fendre leurs droits.<\/p>\n<div class=\"powerpress_player\" id=\"powerpress_player_6494\"><div style=\"width: 640px;\" class=\"wp-video\"><!--[if lt IE 9]><script>document.createElement('video');<\/script><![endif]-->\n<video class=\"wp-video-shortcode\" id=\"video-122-1\" width=\"640\" height=\"360\" preload=\"none\" controls=\"controls\"><source type=\"video\/mp4\" src=\"http:\/\/media.blubrry.com\/podcast_de_la_droit_de\/p\/ladroit.org\/podcast\/wp-content\/uploads\/2019\/01\/Les-principes-directeurs-01-Lautonomie-des-personnes.mp4?_=1\" \/><a href=\"http:\/\/media.blubrry.com\/podcast_de_la_droit_de\/p\/ladroit.org\/podcast\/wp-content\/uploads\/2019\/01\/Les-principes-directeurs-01-Lautonomie-des-personnes.mp4\">http:\/\/media.blubrry.com\/podcast_de_la_droit_de\/p\/ladroit.org\/podcast\/wp-content\/uploads\/2019\/01\/Les-principes-directeurs-01-Lautonomie-des-personnes.mp4<\/a><\/video><\/div><\/div><p class=\"powerpress_links powerpress_links_mp4\">Podcast: <a href=\"http:\/\/media.blubrry.com\/podcast_de_la_droit_de\/p\/ladroit.org\/podcast\/wp-content\/uploads\/2019\/01\/Les-principes-directeurs-01-Lautonomie-des-personnes.mp4\" class=\"powerpress_link_pinw\" target=\"_blank\" title=\"Play in new window\" onclick=\"return powerpress_pinw('https:\/\/ladroit.org\/podcast\/?powerpress_pinw=122-podcast');\" rel=\"nofollow\">Play in new window<\/a> | <a href=\"http:\/\/media.blubrry.com\/podcast_de_la_droit_de\/s\/ladroit.org\/podcast\/wp-content\/uploads\/2019\/01\/Les-principes-directeurs-01-Lautonomie-des-personnes.mp4\" class=\"powerpress_link_d\" title=\"Download\" rel=\"nofollow\" download=\"Les-principes-directeurs-01-Lautonomie-des-personnes.mp4\">Download<\/a><\/p><p class=\"powerpress_links powerpress_subscribe_links\">Subscribe: <a href=\"https:\/\/ladroit.org\/podcast\/feed\/podcast\/\" class=\"powerpress_link_subscribe powerpress_link_subscribe_rss\" title=\"Subscribe via RSS\" rel=\"nofollow\">RSS<\/a><\/p>","protected":false},"excerpt":{"rendered":"<p>Les groupes r\u00e9gionaux de promotion et de d\u00e9fense des droits en sant\u00e9 mentale favorisent l\u2019autonomie des personnes en encourageant le d\u00e9veloppement de leurs comp\u00e9tences et l\u2019utilisation de leur potentiel et de leurs capacit\u00e9s pour promouvoir et d\u00e9fendre leurs droits. De cette fa\u00e7on, les personnes vis\u00e9es sont amen\u00e9es \u00e0 assumer le r\u00f4le principal dans la d\u00e9marche &hellip; <a href=\"https:\/\/ladroit.org\/podcast\/2019\/01\/28\/lautonomie-des-personnes\/\" class=\"more-link\">Continuer la lecture<span class=\"screen-reader-text\"> de &laquo;&nbsp;L\u2019autonomie des personnes&nbsp;&raquo;<\/span><\/a><\/p>\n","protected":false},"author":2,"featured_media":0,"comment_status":"open","ping_status":"open","sticky":false,"template":"","format":"standard","meta":[],"categories":[4],"tags":[],"_links":{"self":[{"href":"https:\/\/ladroit.org\/podcast\/wp-json\/wp\/v2\/posts\/122"}],"collection":[{"href":"https:\/\/ladroit.org\/podcast\/wp-json\/wp\/v2\/posts"}],"about":[{"href":"https:\/\/ladroit.org\/podcast\/wp-json\/wp\/v2\/types\/post"}],"author":[{"embeddable":true,"href":"https:\/\/ladroit.org\/podcast\/wp-json\/wp\/v2\/users\/2"}],"replies":[{"embeddable":true,"href":"https:\/\/ladroit.org\/podcast\/wp-json\/wp\/v2\/comments?post=122"}],"version-history":[{"count":1,"href":"https:\/\/ladroit.org\/podcast\/wp-json\/wp\/v2\/posts\/122\/revisions"}],"predecessor-version":[{"id":123,"href":"https:\/\/ladroit.org\/podcast\/wp-json\/wp\/v2\/posts\/122\/revisions\/123"}],"wp:attachment":[{"href":"https:\/\/ladroit.org\/podcast\/wp-json\/wp\/v2\/media?parent=122"}],"wp:term":[{"taxonomy":"category","embeddable":true,"href":"https:\/\/ladroit.org\/podcast\/wp-json\/wp\/v2\/categories?post=122"},{"taxonomy":"post_tag","embeddable":true,"href":"https:\/\/ladroit.org\/podcast\/wp-json\/wp\/v2\/tags?post=122"}],"curies":[{"name":"wp","href":"https:\/\/api.w.org\/{rel}","templated":true}]}}