{"id":124,"date":"2019-01-28T11:55:21","date_gmt":"2019-01-28T16:55:21","guid":{"rendered":"https:\/\/ladroit.org\/podcast\/?p=124"},"modified":"2019-05-13T11:52:16","modified_gmt":"2019-05-13T15:52:16","slug":"la-specificite-des-personnes","status":"publish","type":"post","link":"https:\/\/ladroit.org\/podcast\/2019\/01\/28\/la-specificite-des-personnes\/","title":{"rendered":"La sp\u00e9cificit\u00e9 des personnes"},"content":{"rendered":"<p>Les groupes r\u00e9gionaux respectent le rythme des personnes avec lesquelles ils interviennent et le contexte particulier \u00e0 l\u2019int\u00e9rieur duquel s\u2019inscrit leur cheminement.<\/p>\n<div class=\"powerpress_player\" id=\"powerpress_player_5200\"><div style=\"width: 640px;\" class=\"wp-video\"><!--[if lt IE 9]><script>document.createElement('video');<\/script><![endif]-->\n<video class=\"wp-video-shortcode\" id=\"video-124-1\" width=\"640\" height=\"360\" preload=\"none\" controls=\"controls\"><source type=\"video\/mp4\" src=\"http:\/\/media.blubrry.com\/podcast_de_la_droit_de\/p\/ladroit.org\/podcast\/wp-content\/uploads\/2019\/01\/Les-principes-directeurs-02-La-sp\u00e9cificit\u00e9-des-personnes.mp4?_=1\" \/><a href=\"http:\/\/media.blubrry.com\/podcast_de_la_droit_de\/p\/ladroit.org\/podcast\/wp-content\/uploads\/2019\/01\/Les-principes-directeurs-02-La-sp\u00e9cificit\u00e9-des-personnes.mp4\">http:\/\/media.blubrry.com\/podcast_de_la_droit_de\/p\/ladroit.org\/podcast\/wp-content\/uploads\/2019\/01\/Les-principes-directeurs-02-La-sp\u00e9cificit\u00e9-des-personnes.mp4<\/a><\/video><\/div><\/div><p class=\"powerpress_links powerpress_links_mp4\">Podcast: <a href=\"http:\/\/media.blubrry.com\/podcast_de_la_droit_de\/p\/ladroit.org\/podcast\/wp-content\/uploads\/2019\/01\/Les-principes-directeurs-02-La-sp\u00e9cificit\u00e9-des-personnes.mp4\" class=\"powerpress_link_pinw\" target=\"_blank\" title=\"Play in new window\" onclick=\"return powerpress_pinw('https:\/\/ladroit.org\/podcast\/?powerpress_pinw=124-podcast');\" rel=\"nofollow\">Play in new window<\/a> | <a href=\"http:\/\/media.blubrry.com\/podcast_de_la_droit_de\/s\/ladroit.org\/podcast\/wp-content\/uploads\/2019\/01\/Les-principes-directeurs-02-La-sp\u00e9cificit\u00e9-des-personnes.mp4\" class=\"powerpress_link_d\" title=\"Download\" rel=\"nofollow\" download=\"Les-principes-directeurs-02-La-sp\u00e9cificit\u00e9-des-personnes.mp4\">Download<\/a><\/p><p class=\"powerpress_links powerpress_subscribe_links\">Subscribe: <a href=\"https:\/\/ladroit.org\/podcast\/feed\/podcast\/\" class=\"powerpress_link_subscribe powerpress_link_subscribe_rss\" title=\"Subscribe via RSS\" rel=\"nofollow\">RSS<\/a><\/p>","protected":false},"excerpt":{"rendered":"<p>Les groupes r\u00e9gionaux respectent le rythme des personnes avec lesquelles ils interviennent et le contexte particulier \u00e0 l\u2019int\u00e9rieur duquel s\u2019inscrit leur cheminement.<\/p>\n","protected":false},"author":2,"featured_media":0,"comment_status":"open","ping_status":"open","sticky":false,"template":"","format":"standard","meta":[],"categories":[4],"tags":[],"_links":{"self":[{"href":"https:\/\/ladroit.org\/podcast\/wp-json\/wp\/v2\/posts\/124"}],"collection":[{"href":"https:\/\/ladroit.org\/podcast\/wp-json\/wp\/v2\/posts"}],"about":[{"href":"https:\/\/ladroit.org\/podcast\/wp-json\/wp\/v2\/types\/post"}],"author":[{"embeddable":true,"href":"https:\/\/ladroit.org\/podcast\/wp-json\/wp\/v2\/users\/2"}],"replies":[{"embeddable":true,"href":"https:\/\/ladroit.org\/podcast\/wp-json\/wp\/v2\/comments?post=124"}],"version-history":[{"count":1,"href":"https:\/\/ladroit.org\/podcast\/wp-json\/wp\/v2\/posts\/124\/revisions"}],"predecessor-version":[{"id":125,"href":"https:\/\/ladroit.org\/podcast\/wp-json\/wp\/v2\/posts\/124\/revisions\/125"}],"wp:attachment":[{"href":"https:\/\/ladroit.org\/podcast\/wp-json\/wp\/v2\/media?parent=124"}],"wp:term":[{"taxonomy":"category","embeddable":true,"href":"https:\/\/ladroit.org\/podcast\/wp-json\/wp\/v2\/categories?post=124"},{"taxonomy":"post_tag","embeddable":true,"href":"https:\/\/ladroit.org\/podcast\/wp-json\/wp\/v2\/tags?post=124"}],"curies":[{"name":"wp","href":"https:\/\/api.w.org\/{rel}","templated":true}]}}