{"id":126,"date":"2019-01-28T11:56:29","date_gmt":"2019-01-28T16:56:29","guid":{"rendered":"https:\/\/ladroit.org\/podcast\/?p=126"},"modified":"2019-01-28T11:56:29","modified_gmt":"2019-01-28T16:56:29","slug":"le-prejuge-favorable","status":"publish","type":"post","link":"https:\/\/ladroit.org\/podcast\/2019\/01\/28\/le-prejuge-favorable\/","title":{"rendered":"Le pr\u00e9jug\u00e9 favorable"},"content":{"rendered":"<p>Faire preuve d\u2019un pr\u00e9jug\u00e9 favorable envers les personnes ayant ou ayant eu un probl\u00e8me de sant\u00e9 mentale signifie que l\u2019on doit les soutenir dans l&#8217;expression de leurs choix et respecter leurs valeurs, selon leurs propres lecture et interpr\u00e9tation de leur r\u00e9alit\u00e9.<\/p>\n<div class=\"powerpress_player\" id=\"powerpress_player_2119\"><div style=\"width: 640px;\" class=\"wp-video\"><!--[if lt IE 9]><script>document.createElement('video');<\/script><![endif]-->\n<video class=\"wp-video-shortcode\" id=\"video-126-1\" width=\"640\" height=\"360\" preload=\"none\" controls=\"controls\"><source type=\"video\/mp4\" src=\"https:\/\/media.blubrry.com\/podcast_de_la_droit_de\/p\/ladroit.org\/podcast\/wp-content\/uploads\/2019\/01\/Les-principes-directeurs-03-Le-pr\u00e9jug\u00e9-favorable.mp4?_=1\" \/><a href=\"https:\/\/media.blubrry.com\/podcast_de_la_droit_de\/p\/ladroit.org\/podcast\/wp-content\/uploads\/2019\/01\/Les-principes-directeurs-03-Le-pr\u00e9jug\u00e9-favorable.mp4\">https:\/\/media.blubrry.com\/podcast_de_la_droit_de\/p\/ladroit.org\/podcast\/wp-content\/uploads\/2019\/01\/Les-principes-directeurs-03-Le-pr\u00e9jug\u00e9-favorable.mp4<\/a><\/video><\/div><\/div><p class=\"powerpress_links powerpress_links_mp4\">Podcast: <a href=\"https:\/\/media.blubrry.com\/podcast_de_la_droit_de\/p\/ladroit.org\/podcast\/wp-content\/uploads\/2019\/01\/Les-principes-directeurs-03-Le-pr\u00e9jug\u00e9-favorable.mp4\" class=\"powerpress_link_pinw\" target=\"_blank\" title=\"Play in new window\" onclick=\"return powerpress_pinw('https:\/\/ladroit.org\/podcast\/?powerpress_pinw=126-podcast');\" rel=\"nofollow\">Play in new window<\/a> | <a href=\"https:\/\/media.blubrry.com\/podcast_de_la_droit_de\/s\/ladroit.org\/podcast\/wp-content\/uploads\/2019\/01\/Les-principes-directeurs-03-Le-pr\u00e9jug\u00e9-favorable.mp4\" class=\"powerpress_link_d\" title=\"Download\" rel=\"nofollow\" download=\"Les-principes-directeurs-03-Le-pr\u00e9jug\u00e9-favorable.mp4\">Download<\/a><\/p><p class=\"powerpress_links powerpress_subscribe_links\">Subscribe: <a href=\"https:\/\/ladroit.org\/podcast\/feed\/podcast\/\" class=\"powerpress_link_subscribe powerpress_link_subscribe_rss\" title=\"Subscribe via RSS\" rel=\"nofollow\">RSS<\/a><\/p>","protected":false},"excerpt":{"rendered":"<p>Faire preuve d\u2019un pr\u00e9jug\u00e9 favorable envers les personnes ayant ou ayant eu un probl\u00e8me de sant\u00e9 mentale signifie que l\u2019on doit les soutenir dans l&#8217;expression de leurs choix et respecter leurs valeurs, selon leurs propres lecture et interpr\u00e9tation de leur r\u00e9alit\u00e9.<\/p>\n","protected":false},"author":2,"featured_media":0,"comment_status":"open","ping_status":"open","sticky":false,"template":"","format":"standard","meta":[],"categories":[4],"tags":[],"_links":{"self":[{"href":"https:\/\/ladroit.org\/podcast\/wp-json\/wp\/v2\/posts\/126"}],"collection":[{"href":"https:\/\/ladroit.org\/podcast\/wp-json\/wp\/v2\/posts"}],"about":[{"href":"https:\/\/ladroit.org\/podcast\/wp-json\/wp\/v2\/types\/post"}],"author":[{"embeddable":true,"href":"https:\/\/ladroit.org\/podcast\/wp-json\/wp\/v2\/users\/2"}],"replies":[{"embeddable":true,"href":"https:\/\/ladroit.org\/podcast\/wp-json\/wp\/v2\/comments?post=126"}],"version-history":[{"count":1,"href":"https:\/\/ladroit.org\/podcast\/wp-json\/wp\/v2\/posts\/126\/revisions"}],"predecessor-version":[{"id":127,"href":"https:\/\/ladroit.org\/podcast\/wp-json\/wp\/v2\/posts\/126\/revisions\/127"}],"wp:attachment":[{"href":"https:\/\/ladroit.org\/podcast\/wp-json\/wp\/v2\/media?parent=126"}],"wp:term":[{"taxonomy":"category","embeddable":true,"href":"https:\/\/ladroit.org\/podcast\/wp-json\/wp\/v2\/categories?post=126"},{"taxonomy":"post_tag","embeddable":true,"href":"https:\/\/ladroit.org\/podcast\/wp-json\/wp\/v2\/tags?post=126"}],"curies":[{"name":"wp","href":"https:\/\/api.w.org\/{rel}","templated":true}]}}