{"id":135,"date":"2019-02-26T11:24:00","date_gmt":"2019-02-26T16:24:00","guid":{"rendered":"https:\/\/ladroit.org\/podcast\/?p=135"},"modified":"2019-05-13T13:50:17","modified_gmt":"2019-05-13T17:50:17","slug":"la-fondation-de-la-droit-episode-4","status":"publish","type":"post","link":"https:\/\/ladroit.org\/podcast\/2019\/02\/26\/la-fondation-de-la-droit-episode-4\/","title":{"rendered":"La fondation de L\u2019A-Droit \u00e9pisode 4"},"content":{"rendered":"<p>D\u00e9roulement de la premi\u00e8re ann\u00e9e, anecdotes des premi\u00e8re rencontre du d\u00e9but au local sur rue St-Louis et d\u00e9m\u00e9nagement sur la rue St-Georges. <\/p>\n<div class=\"powerpress_player\" id=\"powerpress_player_813\"><!--[if lt IE 9]><script>document.createElement('audio');<\/script><![endif]-->\n<audio class=\"wp-audio-shortcode\" id=\"audio-135-1\" preload=\"none\" style=\"width: 100%;\" controls=\"controls\"><source type=\"audio\/mpeg\" src=\"http:\/\/media.blubrry.com\/podcast_de_la_droit_de\/p\/ladroit.org\/podcast\/wp-content\/uploads\/2018\/09\/podcast-A-Droit-ep04.mp3?_=1\" \/><a href=\"http:\/\/media.blubrry.com\/podcast_de_la_droit_de\/p\/ladroit.org\/podcast\/wp-content\/uploads\/2018\/09\/podcast-A-Droit-ep04.mp3\">http:\/\/media.blubrry.com\/podcast_de_la_droit_de\/p\/ladroit.org\/podcast\/wp-content\/uploads\/2018\/09\/podcast-A-Droit-ep04.mp3<\/a><\/audio><\/div><p class=\"powerpress_links powerpress_links_mp3\">Podcast: <a href=\"http:\/\/media.blubrry.com\/podcast_de_la_droit_de\/p\/ladroit.org\/podcast\/wp-content\/uploads\/2018\/09\/podcast-A-Droit-ep04.mp3\" class=\"powerpress_link_pinw\" target=\"_blank\" title=\"Play in new window\" onclick=\"return powerpress_pinw('https:\/\/ladroit.org\/podcast\/?powerpress_pinw=135-podcast');\" rel=\"nofollow\">Play in new window<\/a> | <a href=\"http:\/\/media.blubrry.com\/podcast_de_la_droit_de\/s\/ladroit.org\/podcast\/wp-content\/uploads\/2018\/09\/podcast-A-Droit-ep04.mp3\" class=\"powerpress_link_d\" title=\"Download\" rel=\"nofollow\" download=\"podcast-A-Droit-ep04.mp3\">Download<\/a><\/p><p class=\"powerpress_links powerpress_subscribe_links\">Subscribe: <a href=\"https:\/\/ladroit.org\/podcast\/feed\/podcast\/\" class=\"powerpress_link_subscribe powerpress_link_subscribe_rss\" title=\"Subscribe via RSS\" rel=\"nofollow\">RSS<\/a><\/p>","protected":false},"excerpt":{"rendered":"<p>D\u00e9roulement de la premi\u00e8re ann\u00e9e, anecdotes des premi\u00e8re rencontre du d\u00e9but au local sur rue St-Louis et d\u00e9m\u00e9nagement sur la rue St-Georges.<\/p>\n","protected":false},"author":2,"featured_media":0,"comment_status":"open","ping_status":"open","sticky":false,"template":"","format":"standard","meta":[],"categories":[2],"tags":[],"_links":{"self":[{"href":"https:\/\/ladroit.org\/podcast\/wp-json\/wp\/v2\/posts\/135"}],"collection":[{"href":"https:\/\/ladroit.org\/podcast\/wp-json\/wp\/v2\/posts"}],"about":[{"href":"https:\/\/ladroit.org\/podcast\/wp-json\/wp\/v2\/types\/post"}],"author":[{"embeddable":true,"href":"https:\/\/ladroit.org\/podcast\/wp-json\/wp\/v2\/users\/2"}],"replies":[{"embeddable":true,"href":"https:\/\/ladroit.org\/podcast\/wp-json\/wp\/v2\/comments?post=135"}],"version-history":[{"count":1,"href":"https:\/\/ladroit.org\/podcast\/wp-json\/wp\/v2\/posts\/135\/revisions"}],"predecessor-version":[{"id":136,"href":"https:\/\/ladroit.org\/podcast\/wp-json\/wp\/v2\/posts\/135\/revisions\/136"}],"wp:attachment":[{"href":"https:\/\/ladroit.org\/podcast\/wp-json\/wp\/v2\/media?parent=135"}],"wp:term":[{"taxonomy":"category","embeddable":true,"href":"https:\/\/ladroit.org\/podcast\/wp-json\/wp\/v2\/categories?post=135"},{"taxonomy":"post_tag","embeddable":true,"href":"https:\/\/ladroit.org\/podcast\/wp-json\/wp\/v2\/tags?post=135"}],"curies":[{"name":"wp","href":"https:\/\/api.w.org\/{rel}","templated":true}]}}