{"id":142,"date":"2019-04-17T14:21:59","date_gmt":"2019-04-17T18:21:59","guid":{"rendered":"https:\/\/ladroit.org\/podcast\/?p=142"},"modified":"2019-05-13T13:51:00","modified_gmt":"2019-05-13T17:51:00","slug":"taches-de-marianne-a-la-droit","status":"publish","type":"post","link":"https:\/\/ladroit.org\/podcast\/2019\/04\/17\/taches-de-marianne-a-la-droit\/","title":{"rendered":"T\u00e2ches de Marianne \u00e0 L&#8217;A-Droit"},"content":{"rendered":"<p>T\u00e2ches de Marianne \u00e0 L&#8217;A-Droit et ce qu&#8217;elle appr\u00e9cie le plus dans son travail.<\/p>\n<div class=\"powerpress_player\" id=\"powerpress_player_1870\"><div style=\"width: 640px;\" class=\"wp-video\"><!--[if lt IE 9]><script>document.createElement('video');<\/script><![endif]-->\n<video class=\"wp-video-shortcode\" id=\"video-142-1\" width=\"640\" height=\"360\" preload=\"none\" controls=\"controls\"><source type=\"video\/mp4\" src=\"http:\/\/media.blubrry.com\/podcast_de_la_droit_de\/p\/ladroit.org\/podcast\/wp-content\/uploads\/2019\/04\/Marianne.mp4?_=1\" \/><a href=\"http:\/\/media.blubrry.com\/podcast_de_la_droit_de\/p\/ladroit.org\/podcast\/wp-content\/uploads\/2019\/04\/Marianne.mp4\">http:\/\/media.blubrry.com\/podcast_de_la_droit_de\/p\/ladroit.org\/podcast\/wp-content\/uploads\/2019\/04\/Marianne.mp4<\/a><\/video><\/div><\/div><p class=\"powerpress_links powerpress_links_mp4\">Podcast: <a href=\"http:\/\/media.blubrry.com\/podcast_de_la_droit_de\/p\/ladroit.org\/podcast\/wp-content\/uploads\/2019\/04\/Marianne.mp4\" class=\"powerpress_link_pinw\" target=\"_blank\" title=\"Play in new window\" onclick=\"return powerpress_pinw('https:\/\/ladroit.org\/podcast\/?powerpress_pinw=142-podcast');\" rel=\"nofollow\">Play in new window<\/a> | <a href=\"http:\/\/media.blubrry.com\/podcast_de_la_droit_de\/s\/ladroit.org\/podcast\/wp-content\/uploads\/2019\/04\/Marianne.mp4\" class=\"powerpress_link_d\" title=\"Download\" rel=\"nofollow\" download=\"Marianne.mp4\">Download<\/a><\/p><p class=\"powerpress_links powerpress_subscribe_links\">Subscribe: <a href=\"https:\/\/ladroit.org\/podcast\/feed\/podcast\/\" class=\"powerpress_link_subscribe powerpress_link_subscribe_rss\" title=\"Subscribe via RSS\" rel=\"nofollow\">RSS<\/a><\/p>","protected":false},"excerpt":{"rendered":"<p>T\u00e2ches de Marianne \u00e0 L&#8217;A-Droit et ce qu&#8217;elle appr\u00e9cie le plus dans son travail.<\/p>\n","protected":false},"author":2,"featured_media":0,"comment_status":"open","ping_status":"open","sticky":false,"template":"","format":"standard","meta":[],"categories":[5],"tags":[],"_links":{"self":[{"href":"https:\/\/ladroit.org\/podcast\/wp-json\/wp\/v2\/posts\/142"}],"collection":[{"href":"https:\/\/ladroit.org\/podcast\/wp-json\/wp\/v2\/posts"}],"about":[{"href":"https:\/\/ladroit.org\/podcast\/wp-json\/wp\/v2\/types\/post"}],"author":[{"embeddable":true,"href":"https:\/\/ladroit.org\/podcast\/wp-json\/wp\/v2\/users\/2"}],"replies":[{"embeddable":true,"href":"https:\/\/ladroit.org\/podcast\/wp-json\/wp\/v2\/comments?post=142"}],"version-history":[{"count":1,"href":"https:\/\/ladroit.org\/podcast\/wp-json\/wp\/v2\/posts\/142\/revisions"}],"predecessor-version":[{"id":144,"href":"https:\/\/ladroit.org\/podcast\/wp-json\/wp\/v2\/posts\/142\/revisions\/144"}],"wp:attachment":[{"href":"https:\/\/ladroit.org\/podcast\/wp-json\/wp\/v2\/media?parent=142"}],"wp:term":[{"taxonomy":"category","embeddable":true,"href":"https:\/\/ladroit.org\/podcast\/wp-json\/wp\/v2\/categories?post=142"},{"taxonomy":"post_tag","embeddable":true,"href":"https:\/\/ladroit.org\/podcast\/wp-json\/wp\/v2\/tags?post=142"}],"curies":[{"name":"wp","href":"https:\/\/api.w.org\/{rel}","templated":true}]}}