{"id":247,"date":"2020-01-27T09:55:24","date_gmt":"2020-01-27T14:55:24","guid":{"rendered":"https:\/\/ladroit.org\/podcast\/?p=247"},"modified":"2020-01-31T10:43:52","modified_gmt":"2020-01-31T15:43:52","slug":"entrevue-de-francois-a-passion-fm-du-21-fevrier-2019","status":"publish","type":"post","link":"https:\/\/ladroit.org\/podcast\/2020\/01\/27\/entrevue-de-francois-a-passion-fm-du-21-fevrier-2019\/","title":{"rendered":"Entrevue de Fran\u00e7ois \u00e0 Passion-FM du 21 f\u00e9vrier 2019"},"content":{"rendered":"<p>Le droit \u00e0 l&#8217;accompagnement et l&#8217;appropriation du pouvoir, le registre des armes \u00e0 feu et les prochaines activit\u00e9s de L&#8217;A-Droit.<\/p>\n<div class=\"powerpress_player\" id=\"powerpress_player_3626\"><!--[if lt IE 9]><script>document.createElement('audio');<\/script><![endif]-->\n<audio class=\"wp-audio-shortcode\" id=\"audio-247-1\" preload=\"none\" style=\"width: 100%;\" controls=\"controls\"><source type=\"audio\/mpeg\" src=\"https:\/\/media.blubrry.com\/podcast_de_la_droit_de\/p\/ladroit.org\/podcast\/wp-content\/uploads\/2020\/01\/Passion-fm21fevrier2019.mp3?_=1\" \/><a href=\"https:\/\/media.blubrry.com\/podcast_de_la_droit_de\/p\/ladroit.org\/podcast\/wp-content\/uploads\/2020\/01\/Passion-fm21fevrier2019.mp3\">https:\/\/media.blubrry.com\/podcast_de_la_droit_de\/p\/ladroit.org\/podcast\/wp-content\/uploads\/2020\/01\/Passion-fm21fevrier2019.mp3<\/a><\/audio><\/div><p class=\"powerpress_links powerpress_links_mp3\">Podcast: <a href=\"https:\/\/media.blubrry.com\/podcast_de_la_droit_de\/p\/ladroit.org\/podcast\/wp-content\/uploads\/2020\/01\/Passion-fm21fevrier2019.mp3\" class=\"powerpress_link_pinw\" target=\"_blank\" title=\"Play in new window\" onclick=\"return powerpress_pinw('https:\/\/ladroit.org\/podcast\/?powerpress_pinw=247-podcast');\" rel=\"nofollow\">Play in new window<\/a> | <a href=\"https:\/\/media.blubrry.com\/podcast_de_la_droit_de\/s\/ladroit.org\/podcast\/wp-content\/uploads\/2020\/01\/Passion-fm21fevrier2019.mp3\" class=\"powerpress_link_d\" title=\"Download\" rel=\"nofollow\" download=\"Passion-fm21fevrier2019.mp3\">Download<\/a><\/p><p class=\"powerpress_links powerpress_subscribe_links\">Subscribe: <a href=\"https:\/\/ladroit.org\/podcast\/feed\/podcast\/\" class=\"powerpress_link_subscribe powerpress_link_subscribe_rss\" title=\"Subscribe via RSS\" rel=\"nofollow\">RSS<\/a><\/p>","protected":false},"excerpt":{"rendered":"<p>Le droit \u00e0 l&#8217;accompagnement et l&#8217;appropriation du pouvoir, le registre des armes \u00e0 feu et les prochaines activit\u00e9s de L&#8217;A-Droit.<\/p>\n","protected":false},"author":2,"featured_media":0,"comment_status":"open","ping_status":"open","sticky":false,"template":"","format":"standard","meta":[],"categories":[7],"tags":[],"_links":{"self":[{"href":"https:\/\/ladroit.org\/podcast\/wp-json\/wp\/v2\/posts\/247"}],"collection":[{"href":"https:\/\/ladroit.org\/podcast\/wp-json\/wp\/v2\/posts"}],"about":[{"href":"https:\/\/ladroit.org\/podcast\/wp-json\/wp\/v2\/types\/post"}],"author":[{"embeddable":true,"href":"https:\/\/ladroit.org\/podcast\/wp-json\/wp\/v2\/users\/2"}],"replies":[{"embeddable":true,"href":"https:\/\/ladroit.org\/podcast\/wp-json\/wp\/v2\/comments?post=247"}],"version-history":[{"count":3,"href":"https:\/\/ladroit.org\/podcast\/wp-json\/wp\/v2\/posts\/247\/revisions"}],"predecessor-version":[{"id":256,"href":"https:\/\/ladroit.org\/podcast\/wp-json\/wp\/v2\/posts\/247\/revisions\/256"}],"wp:attachment":[{"href":"https:\/\/ladroit.org\/podcast\/wp-json\/wp\/v2\/media?parent=247"}],"wp:term":[{"taxonomy":"category","embeddable":true,"href":"https:\/\/ladroit.org\/podcast\/wp-json\/wp\/v2\/categories?post=247"},{"taxonomy":"post_tag","embeddable":true,"href":"https:\/\/ladroit.org\/podcast\/wp-json\/wp\/v2\/tags?post=247"}],"curies":[{"name":"wp","href":"https:\/\/api.w.org\/{rel}","templated":true}]}}