{"id":263,"date":"2020-01-31T11:00:50","date_gmt":"2020-01-31T16:00:50","guid":{"rendered":"https:\/\/ladroit.org\/podcast\/?p=263"},"modified":"2020-01-31T11:00:50","modified_gmt":"2020-01-31T16:00:50","slug":"entrevue-de-francois-sur-la-petition-pour-le-rehaussement-de-lallocation-de-depenses-personnelles-des-personnes-hebergees-en-ressources-intermediaires","status":"publish","type":"post","link":"https:\/\/ladroit.org\/podcast\/2020\/01\/31\/entrevue-de-francois-sur-la-petition-pour-le-rehaussement-de-lallocation-de-depenses-personnelles-des-personnes-hebergees-en-ressources-intermediaires\/","title":{"rendered":"Entrevue de Fran\u00e7ois sur la p\u00e9tition pour le rehaussement de l&#8217;allocation de d\u00e9penses personnelles des personnes h\u00e9berg\u00e9es en ressources interm\u00e9diaires"},"content":{"rendered":"<p>Entrevue donn\u00e9e par Fran\u00e7ois Winter, directeur g\u00e9n\u00e9ral de L&#8217;A-DROIT le 28 janvier 2020 au Canal M vues et voix, concernant la p\u00e9tition pour le rehaussement de l&#8217;allocation de d\u00e9penses personnelles des personnes h\u00e9berg\u00e9es en ressources interm\u00e9diaires.<\/p>\n<div class=\"powerpress_player\" id=\"powerpress_player_4922\"><div style=\"width: 640px;\" class=\"wp-video\"><!--[if lt IE 9]><script>document.createElement('video');<\/script><![endif]-->\n<video class=\"wp-video-shortcode\" id=\"video-263-1\" width=\"640\" height=\"360\" preload=\"none\" controls=\"controls\"><source type=\"video\/mp4\" src=\"https:\/\/media.blubrry.com\/podcast_de_la_droit_de\/p\/ladroit.org\/podcast\/wp-content\/uploads\/2020\/01\/entrevuepetitionrirtf.mp4?_=1\" \/><a href=\"https:\/\/media.blubrry.com\/podcast_de_la_droit_de\/p\/ladroit.org\/podcast\/wp-content\/uploads\/2020\/01\/entrevuepetitionrirtf.mp4\">https:\/\/media.blubrry.com\/podcast_de_la_droit_de\/p\/ladroit.org\/podcast\/wp-content\/uploads\/2020\/01\/entrevuepetitionrirtf.mp4<\/a><\/video><\/div><\/div><p class=\"powerpress_links powerpress_links_mp4\">Podcast: <a href=\"https:\/\/media.blubrry.com\/podcast_de_la_droit_de\/p\/ladroit.org\/podcast\/wp-content\/uploads\/2020\/01\/entrevuepetitionrirtf.mp4\" class=\"powerpress_link_pinw\" target=\"_blank\" title=\"Play in new window\" onclick=\"return powerpress_pinw('https:\/\/ladroit.org\/podcast\/?powerpress_pinw=263-podcast');\" rel=\"nofollow\">Play in new window<\/a> | <a href=\"https:\/\/media.blubrry.com\/podcast_de_la_droit_de\/s\/ladroit.org\/podcast\/wp-content\/uploads\/2020\/01\/entrevuepetitionrirtf.mp4\" class=\"powerpress_link_d\" title=\"Download\" rel=\"nofollow\" download=\"entrevuepetitionrirtf.mp4\">Download<\/a><\/p><p class=\"powerpress_links powerpress_subscribe_links\">Subscribe: <a href=\"https:\/\/ladroit.org\/podcast\/feed\/podcast\/\" class=\"powerpress_link_subscribe powerpress_link_subscribe_rss\" title=\"Subscribe via RSS\" rel=\"nofollow\">RSS<\/a><\/p>","protected":false},"excerpt":{"rendered":"<p>Entrevue donn\u00e9e par Fran\u00e7ois Winter, directeur g\u00e9n\u00e9ral de L&#8217;A-DROIT le 28 janvier 2020 au Canal M vues et voix, concernant la p\u00e9tition pour le rehaussement de l&#8217;allocation de d\u00e9penses personnelles des personnes h\u00e9berg\u00e9es en ressources interm\u00e9diaires.<\/p>\n","protected":false},"author":2,"featured_media":0,"comment_status":"open","ping_status":"open","sticky":false,"template":"","format":"standard","meta":[],"categories":[7],"tags":[],"_links":{"self":[{"href":"https:\/\/ladroit.org\/podcast\/wp-json\/wp\/v2\/posts\/263"}],"collection":[{"href":"https:\/\/ladroit.org\/podcast\/wp-json\/wp\/v2\/posts"}],"about":[{"href":"https:\/\/ladroit.org\/podcast\/wp-json\/wp\/v2\/types\/post"}],"author":[{"embeddable":true,"href":"https:\/\/ladroit.org\/podcast\/wp-json\/wp\/v2\/users\/2"}],"replies":[{"embeddable":true,"href":"https:\/\/ladroit.org\/podcast\/wp-json\/wp\/v2\/comments?post=263"}],"version-history":[{"count":1,"href":"https:\/\/ladroit.org\/podcast\/wp-json\/wp\/v2\/posts\/263\/revisions"}],"predecessor-version":[{"id":264,"href":"https:\/\/ladroit.org\/podcast\/wp-json\/wp\/v2\/posts\/263\/revisions\/264"}],"wp:attachment":[{"href":"https:\/\/ladroit.org\/podcast\/wp-json\/wp\/v2\/media?parent=263"}],"wp:term":[{"taxonomy":"category","embeddable":true,"href":"https:\/\/ladroit.org\/podcast\/wp-json\/wp\/v2\/categories?post=263"},{"taxonomy":"post_tag","embeddable":true,"href":"https:\/\/ladroit.org\/podcast\/wp-json\/wp\/v2\/tags?post=263"}],"curies":[{"name":"wp","href":"https:\/\/api.w.org\/{rel}","templated":true}]}}