{"id":306,"date":"2020-06-05T09:55:28","date_gmt":"2020-06-05T13:55:28","guid":{"rendered":"https:\/\/ladroit.org\/podcast\/?p=306"},"modified":"2020-06-05T09:55:29","modified_gmt":"2020-06-05T13:55:29","slug":"entrevue-de-francois-a-passion-fm-du-28-mai-2020","status":"publish","type":"post","link":"https:\/\/ladroit.org\/podcast\/2020\/06\/05\/entrevue-de-francois-a-passion-fm-du-28-mai-2020\/","title":{"rendered":"Entrevue de Fran\u00e7ois \u00e0 Passion-FM du 28 mai 2020"},"content":{"rendered":"\n<p>Situation suite \u00e0 l&#8217;\u00e9volution du Covid-19, y a-t-il un changement quant au respect des droits des personnes hospitalis\u00e9es ou en ressources interm\u00e9diaires ou de type familiales. L&#8217;acc\u00e8s aux services en sant\u00e9 mentale est-il le m\u00eame ? Journ\u00e9e non aux mesures de contr\u00f4le. Les \u00e9lectrochocs, \u00e7a existe encore, deux fois plus que l&#8217;ann\u00e9e pr\u00e9c\u00e9dente en Chaudi\u00e8re-Appalaches.<\/p>\n<div class=\"powerpress_player\" id=\"powerpress_player_2034\"><!--[if lt IE 9]><script>document.createElement('audio');<\/script><![endif]-->\n<audio class=\"wp-audio-shortcode\" id=\"audio-306-1\" preload=\"none\" style=\"width: 100%;\" controls=\"controls\"><source type=\"audio\/mpeg\" src=\"https:\/\/media.blubrry.com\/podcast_de_la_droit_de\/p\/ladroit.org\/podcast\/wp-content\/uploads\/2020\/06\/passionfm28mai2020.mp3?_=1\" \/><a href=\"https:\/\/media.blubrry.com\/podcast_de_la_droit_de\/p\/ladroit.org\/podcast\/wp-content\/uploads\/2020\/06\/passionfm28mai2020.mp3\">https:\/\/media.blubrry.com\/podcast_de_la_droit_de\/p\/ladroit.org\/podcast\/wp-content\/uploads\/2020\/06\/passionfm28mai2020.mp3<\/a><\/audio><\/div><p class=\"powerpress_links powerpress_links_mp3\">Podcast: <a href=\"https:\/\/media.blubrry.com\/podcast_de_la_droit_de\/p\/ladroit.org\/podcast\/wp-content\/uploads\/2020\/06\/passionfm28mai2020.mp3\" class=\"powerpress_link_pinw\" target=\"_blank\" title=\"Play in new window\" onclick=\"return powerpress_pinw('https:\/\/ladroit.org\/podcast\/?powerpress_pinw=306-podcast');\" rel=\"nofollow\">Play in new window<\/a> | <a href=\"https:\/\/media.blubrry.com\/podcast_de_la_droit_de\/s\/ladroit.org\/podcast\/wp-content\/uploads\/2020\/06\/passionfm28mai2020.mp3\" class=\"powerpress_link_d\" title=\"Download\" rel=\"nofollow\" download=\"passionfm28mai2020.mp3\">Download<\/a><\/p><p class=\"powerpress_links powerpress_subscribe_links\">Subscribe: <a href=\"https:\/\/ladroit.org\/podcast\/feed\/podcast\/\" class=\"powerpress_link_subscribe powerpress_link_subscribe_rss\" title=\"Subscribe via RSS\" rel=\"nofollow\">RSS<\/a><\/p>","protected":false},"excerpt":{"rendered":"<p>Situation suite \u00e0 l&#8217;\u00e9volution du Covid-19, y a-t-il un changement quant au respect des droits des personnes hospitalis\u00e9es ou en ressources interm\u00e9diaires ou de type familiales. L&#8217;acc\u00e8s aux services en sant\u00e9 mentale est-il le m\u00eame ? Journ\u00e9e non aux mesures de contr\u00f4le. Les \u00e9lectrochocs, \u00e7a existe encore, deux fois plus que l&#8217;ann\u00e9e pr\u00e9c\u00e9dente en Chaudi\u00e8re-Appalaches.<\/p>\n","protected":false},"author":2,"featured_media":0,"comment_status":"open","ping_status":"open","sticky":false,"template":"","format":"standard","meta":[],"categories":[7],"tags":[],"_links":{"self":[{"href":"https:\/\/ladroit.org\/podcast\/wp-json\/wp\/v2\/posts\/306"}],"collection":[{"href":"https:\/\/ladroit.org\/podcast\/wp-json\/wp\/v2\/posts"}],"about":[{"href":"https:\/\/ladroit.org\/podcast\/wp-json\/wp\/v2\/types\/post"}],"author":[{"embeddable":true,"href":"https:\/\/ladroit.org\/podcast\/wp-json\/wp\/v2\/users\/2"}],"replies":[{"embeddable":true,"href":"https:\/\/ladroit.org\/podcast\/wp-json\/wp\/v2\/comments?post=306"}],"version-history":[{"count":1,"href":"https:\/\/ladroit.org\/podcast\/wp-json\/wp\/v2\/posts\/306\/revisions"}],"predecessor-version":[{"id":307,"href":"https:\/\/ladroit.org\/podcast\/wp-json\/wp\/v2\/posts\/306\/revisions\/307"}],"wp:attachment":[{"href":"https:\/\/ladroit.org\/podcast\/wp-json\/wp\/v2\/media?parent=306"}],"wp:term":[{"taxonomy":"category","embeddable":true,"href":"https:\/\/ladroit.org\/podcast\/wp-json\/wp\/v2\/categories?post=306"},{"taxonomy":"post_tag","embeddable":true,"href":"https:\/\/ladroit.org\/podcast\/wp-json\/wp\/v2\/tags?post=306"}],"curies":[{"name":"wp","href":"https:\/\/api.w.org\/{rel}","templated":true}]}}