{"id":365,"date":"2021-02-01T10:31:12","date_gmt":"2021-02-01T15:31:12","guid":{"rendered":"https:\/\/ladroit.org\/podcast\/?p=365"},"modified":"2021-02-01T10:31:13","modified_gmt":"2021-02-01T15:31:13","slug":"entrevue-de-francois-a-passion-fm-du-24-septembre-2020","status":"publish","type":"post","link":"https:\/\/ladroit.org\/podcast\/2021\/02\/01\/entrevue-de-francois-a-passion-fm-du-24-septembre-2020\/","title":{"rendered":"Entrevue de Fran\u00e7ois \u00e0 Passion-FM du 24 septembre 2020"},"content":{"rendered":"\n<p>Hausse de la d\u00e9tresse marqu\u00e9e suite \u00e0 la pand\u00e9mie, privation des droits des personnes en ressources interm\u00e9diaires(droit de sortir de la ressource). Demande de commission parlementaire sur la sant\u00e9 mentale et l&#8217;acc\u00e8s aux soins. Lancement de l&#8217;\u00e9tude sur les autorisations judiciaires de soins.<\/p>\n<div class=\"powerpress_player\" id=\"powerpress_player_4594\"><!--[if lt IE 9]><script>document.createElement('audio');<\/script><![endif]-->\n<audio class=\"wp-audio-shortcode\" id=\"audio-365-1\" preload=\"none\" style=\"width: 100%;\" controls=\"controls\"><source type=\"audio\/mpeg\" src=\"https:\/\/media.blubrry.com\/podcast_de_la_droit_de\/p\/ladroit.org\/podcast\/wp-content\/uploads\/2021\/02\/passionfm24sept2020.mp3?_=1\" \/><a href=\"https:\/\/media.blubrry.com\/podcast_de_la_droit_de\/p\/ladroit.org\/podcast\/wp-content\/uploads\/2021\/02\/passionfm24sept2020.mp3\">https:\/\/media.blubrry.com\/podcast_de_la_droit_de\/p\/ladroit.org\/podcast\/wp-content\/uploads\/2021\/02\/passionfm24sept2020.mp3<\/a><\/audio><\/div><p class=\"powerpress_links powerpress_links_mp3\">Podcast: <a href=\"https:\/\/media.blubrry.com\/podcast_de_la_droit_de\/p\/ladroit.org\/podcast\/wp-content\/uploads\/2021\/02\/passionfm24sept2020.mp3\" class=\"powerpress_link_pinw\" target=\"_blank\" title=\"Play in new window\" onclick=\"return powerpress_pinw('https:\/\/ladroit.org\/podcast\/?powerpress_pinw=365-podcast');\" rel=\"nofollow\">Play in new window<\/a> | <a href=\"https:\/\/media.blubrry.com\/podcast_de_la_droit_de\/s\/ladroit.org\/podcast\/wp-content\/uploads\/2021\/02\/passionfm24sept2020.mp3\" class=\"powerpress_link_d\" title=\"Download\" rel=\"nofollow\" download=\"passionfm24sept2020.mp3\">Download<\/a><\/p><p class=\"powerpress_links powerpress_subscribe_links\">Subscribe: <a href=\"https:\/\/ladroit.org\/podcast\/feed\/podcast\/\" class=\"powerpress_link_subscribe powerpress_link_subscribe_rss\" title=\"Subscribe via RSS\" rel=\"nofollow\">RSS<\/a><\/p>","protected":false},"excerpt":{"rendered":"<p>Hausse de la d\u00e9tresse marqu\u00e9e suite \u00e0 la pand\u00e9mie, privation des droits des personnes en ressources interm\u00e9diaires(droit de sortir de la ressource). Demande de commission parlementaire sur la sant\u00e9 mentale et l&#8217;acc\u00e8s aux soins. Lancement de l&#8217;\u00e9tude sur les autorisations judiciaires de soins.<\/p>\n","protected":false},"author":2,"featured_media":0,"comment_status":"open","ping_status":"open","sticky":false,"template":"","format":"standard","meta":[],"categories":[7],"tags":[],"_links":{"self":[{"href":"https:\/\/ladroit.org\/podcast\/wp-json\/wp\/v2\/posts\/365"}],"collection":[{"href":"https:\/\/ladroit.org\/podcast\/wp-json\/wp\/v2\/posts"}],"about":[{"href":"https:\/\/ladroit.org\/podcast\/wp-json\/wp\/v2\/types\/post"}],"author":[{"embeddable":true,"href":"https:\/\/ladroit.org\/podcast\/wp-json\/wp\/v2\/users\/2"}],"replies":[{"embeddable":true,"href":"https:\/\/ladroit.org\/podcast\/wp-json\/wp\/v2\/comments?post=365"}],"version-history":[{"count":1,"href":"https:\/\/ladroit.org\/podcast\/wp-json\/wp\/v2\/posts\/365\/revisions"}],"predecessor-version":[{"id":366,"href":"https:\/\/ladroit.org\/podcast\/wp-json\/wp\/v2\/posts\/365\/revisions\/366"}],"wp:attachment":[{"href":"https:\/\/ladroit.org\/podcast\/wp-json\/wp\/v2\/media?parent=365"}],"wp:term":[{"taxonomy":"category","embeddable":true,"href":"https:\/\/ladroit.org\/podcast\/wp-json\/wp\/v2\/categories?post=365"},{"taxonomy":"post_tag","embeddable":true,"href":"https:\/\/ladroit.org\/podcast\/wp-json\/wp\/v2\/tags?post=365"}],"curies":[{"name":"wp","href":"https:\/\/api.w.org\/{rel}","templated":true}]}}