{"id":367,"date":"2021-02-01T10:40:39","date_gmt":"2021-02-01T15:40:39","guid":{"rendered":"https:\/\/ladroit.org\/podcast\/?p=367"},"modified":"2021-02-01T10:40:40","modified_gmt":"2021-02-01T15:40:40","slug":"entrevue-de-francois-a-passion-fm-du-22-octobre-2020","status":"publish","type":"post","link":"https:\/\/ladroit.org\/podcast\/2021\/02\/01\/entrevue-de-francois-a-passion-fm-du-22-octobre-2020\/","title":{"rendered":"Entrevue de Fran\u00e7ois \u00e0 Passion-FM du 22 octobre 2020"},"content":{"rendered":"\n<p>Le d\u00e9lestage du personnel du syst\u00e8me de sant\u00e9 et les cons\u00e9quences sur la sant\u00e9 mentale des personnes et les services. Arriv\u00e9 du fond d&#8217;urgence dans les organismes communautaires. Report des assembl\u00e9es g\u00e9n\u00e9rales les organismes communautaires. Lancement de l&#8217;\u00e9tude de L&#8217;A-Droit sur les autorisations judiciaires de soins et fait saillants. T\u00e9moignage de Michel Latulippe sur son exp\u00e9rience avec la psychiatrie et les AJS.<\/p>\n<div class=\"powerpress_player\" id=\"powerpress_player_4321\"><!--[if lt IE 9]><script>document.createElement('audio');<\/script><![endif]-->\n<audio class=\"wp-audio-shortcode\" id=\"audio-367-1\" preload=\"none\" style=\"width: 100%;\" controls=\"controls\"><source type=\"audio\/mpeg\" src=\"https:\/\/media.blubrry.com\/podcast_de_la_droit_de\/p\/ladroit.org\/podcast\/wp-content\/uploads\/2021\/02\/passionfm22octobre2020.mp3?_=1\" \/><a href=\"https:\/\/media.blubrry.com\/podcast_de_la_droit_de\/p\/ladroit.org\/podcast\/wp-content\/uploads\/2021\/02\/passionfm22octobre2020.mp3\">https:\/\/media.blubrry.com\/podcast_de_la_droit_de\/p\/ladroit.org\/podcast\/wp-content\/uploads\/2021\/02\/passionfm22octobre2020.mp3<\/a><\/audio><\/div><p class=\"powerpress_links powerpress_links_mp3\">Podcast: <a href=\"https:\/\/media.blubrry.com\/podcast_de_la_droit_de\/p\/ladroit.org\/podcast\/wp-content\/uploads\/2021\/02\/passionfm22octobre2020.mp3\" class=\"powerpress_link_pinw\" target=\"_blank\" title=\"Play in new window\" onclick=\"return powerpress_pinw('https:\/\/ladroit.org\/podcast\/?powerpress_pinw=367-podcast');\" rel=\"nofollow\">Play in new window<\/a> | <a href=\"https:\/\/media.blubrry.com\/podcast_de_la_droit_de\/s\/ladroit.org\/podcast\/wp-content\/uploads\/2021\/02\/passionfm22octobre2020.mp3\" class=\"powerpress_link_d\" title=\"Download\" rel=\"nofollow\" download=\"passionfm22octobre2020.mp3\">Download<\/a><\/p><p class=\"powerpress_links powerpress_subscribe_links\">Subscribe: <a href=\"https:\/\/ladroit.org\/podcast\/feed\/podcast\/\" class=\"powerpress_link_subscribe powerpress_link_subscribe_rss\" title=\"Subscribe via RSS\" rel=\"nofollow\">RSS<\/a><\/p>","protected":false},"excerpt":{"rendered":"<p>Le d\u00e9lestage du personnel du syst\u00e8me de sant\u00e9 et les cons\u00e9quences sur la sant\u00e9 mentale des personnes et les services. Arriv\u00e9 du fond d&#8217;urgence dans les organismes communautaires. Report des assembl\u00e9es g\u00e9n\u00e9rales les organismes communautaires. Lancement de l&#8217;\u00e9tude de L&#8217;A-Droit sur les autorisations judiciaires de soins et fait saillants. T\u00e9moignage de Michel Latulippe sur son &hellip; <a href=\"https:\/\/ladroit.org\/podcast\/2021\/02\/01\/entrevue-de-francois-a-passion-fm-du-22-octobre-2020\/\" class=\"more-link\">Continuer la lecture<span class=\"screen-reader-text\"> de &laquo;&nbsp;Entrevue de Fran\u00e7ois \u00e0 Passion-FM du 22 octobre 2020&nbsp;&raquo;<\/span><\/a><\/p>\n","protected":false},"author":2,"featured_media":0,"comment_status":"open","ping_status":"open","sticky":false,"template":"","format":"standard","meta":[],"categories":[7],"tags":[],"_links":{"self":[{"href":"https:\/\/ladroit.org\/podcast\/wp-json\/wp\/v2\/posts\/367"}],"collection":[{"href":"https:\/\/ladroit.org\/podcast\/wp-json\/wp\/v2\/posts"}],"about":[{"href":"https:\/\/ladroit.org\/podcast\/wp-json\/wp\/v2\/types\/post"}],"author":[{"embeddable":true,"href":"https:\/\/ladroit.org\/podcast\/wp-json\/wp\/v2\/users\/2"}],"replies":[{"embeddable":true,"href":"https:\/\/ladroit.org\/podcast\/wp-json\/wp\/v2\/comments?post=367"}],"version-history":[{"count":1,"href":"https:\/\/ladroit.org\/podcast\/wp-json\/wp\/v2\/posts\/367\/revisions"}],"predecessor-version":[{"id":368,"href":"https:\/\/ladroit.org\/podcast\/wp-json\/wp\/v2\/posts\/367\/revisions\/368"}],"wp:attachment":[{"href":"https:\/\/ladroit.org\/podcast\/wp-json\/wp\/v2\/media?parent=367"}],"wp:term":[{"taxonomy":"category","embeddable":true,"href":"https:\/\/ladroit.org\/podcast\/wp-json\/wp\/v2\/categories?post=367"},{"taxonomy":"post_tag","embeddable":true,"href":"https:\/\/ladroit.org\/podcast\/wp-json\/wp\/v2\/tags?post=367"}],"curies":[{"name":"wp","href":"https:\/\/api.w.org\/{rel}","templated":true}]}}