{"id":369,"date":"2021-02-01T10:55:57","date_gmt":"2021-02-01T15:55:57","guid":{"rendered":"https:\/\/ladroit.org\/podcast\/?p=369"},"modified":"2021-02-01T10:55:58","modified_gmt":"2021-02-01T15:55:58","slug":"entrevue-de-francois-a-passion-fm-du-26-novembre-2020","status":"publish","type":"post","link":"https:\/\/ladroit.org\/podcast\/2021\/02\/01\/entrevue-de-francois-a-passion-fm-du-26-novembre-2020\/","title":{"rendered":"Entrevue de Fran\u00e7ois \u00e0 Passion-FM du 26 novembre 2020"},"content":{"rendered":"\n<p>D\u00e9lestage : l&#8217;h\u00f4pital de jour a \u00e9t\u00e9 r\u00e9-ouvert, importance d&#8217;une continuit\u00e9 des services en sant\u00e9 mentale lors de la pand\u00e9mie. La fracture num\u00e9rique avec les personnes moins nanties ou peu informatis\u00e9es. Est-ce que l&#8217;\u00e9tat entend r\u00e9gler la situation ? Stigmatisation des personnes vivant un probl\u00e8me de sant\u00e9 mentale suite \u00e0 des actes de violence, mettre plus de ressources plut\u00f4t que de brimer les droits. Assembl\u00e9e g\u00e9n\u00e9rale de L&#8217;A-Droit par visioconf\u00e9rence.<\/p>\n<div class=\"powerpress_player\" id=\"powerpress_player_4084\"><!--[if lt IE 9]><script>document.createElement('audio');<\/script><![endif]-->\n<audio class=\"wp-audio-shortcode\" id=\"audio-369-1\" preload=\"none\" style=\"width: 100%;\" controls=\"controls\"><source type=\"audio\/mpeg\" src=\"https:\/\/media.blubrry.com\/podcast_de_la_droit_de\/p\/ladroit.org\/podcast\/wp-content\/uploads\/2021\/02\/passionfm26nov2020.mp3?_=1\" \/><a href=\"https:\/\/media.blubrry.com\/podcast_de_la_droit_de\/p\/ladroit.org\/podcast\/wp-content\/uploads\/2021\/02\/passionfm26nov2020.mp3\">https:\/\/media.blubrry.com\/podcast_de_la_droit_de\/p\/ladroit.org\/podcast\/wp-content\/uploads\/2021\/02\/passionfm26nov2020.mp3<\/a><\/audio><\/div><p class=\"powerpress_links powerpress_links_mp3\">Podcast: <a href=\"https:\/\/media.blubrry.com\/podcast_de_la_droit_de\/p\/ladroit.org\/podcast\/wp-content\/uploads\/2021\/02\/passionfm26nov2020.mp3\" class=\"powerpress_link_pinw\" target=\"_blank\" title=\"Play in new window\" onclick=\"return powerpress_pinw('https:\/\/ladroit.org\/podcast\/?powerpress_pinw=369-podcast');\" rel=\"nofollow\">Play in new window<\/a> | <a href=\"https:\/\/media.blubrry.com\/podcast_de_la_droit_de\/s\/ladroit.org\/podcast\/wp-content\/uploads\/2021\/02\/passionfm26nov2020.mp3\" class=\"powerpress_link_d\" title=\"Download\" rel=\"nofollow\" download=\"passionfm26nov2020.mp3\">Download<\/a><\/p><p class=\"powerpress_links powerpress_subscribe_links\">Subscribe: <a href=\"https:\/\/ladroit.org\/podcast\/feed\/podcast\/\" class=\"powerpress_link_subscribe powerpress_link_subscribe_rss\" title=\"Subscribe via RSS\" rel=\"nofollow\">RSS<\/a><\/p>","protected":false},"excerpt":{"rendered":"<p>D\u00e9lestage : l&#8217;h\u00f4pital de jour a \u00e9t\u00e9 r\u00e9-ouvert, importance d&#8217;une continuit\u00e9 des services en sant\u00e9 mentale lors de la pand\u00e9mie. La fracture num\u00e9rique avec les personnes moins nanties ou peu informatis\u00e9es. Est-ce que l&#8217;\u00e9tat entend r\u00e9gler la situation ? Stigmatisation des personnes vivant un probl\u00e8me de sant\u00e9 mentale suite \u00e0 des actes de violence, mettre &hellip; <a href=\"https:\/\/ladroit.org\/podcast\/2021\/02\/01\/entrevue-de-francois-a-passion-fm-du-26-novembre-2020\/\" class=\"more-link\">Continuer la lecture<span class=\"screen-reader-text\"> de &laquo;&nbsp;Entrevue de Fran\u00e7ois \u00e0 Passion-FM du 26 novembre 2020&nbsp;&raquo;<\/span><\/a><\/p>\n","protected":false},"author":2,"featured_media":0,"comment_status":"open","ping_status":"open","sticky":false,"template":"","format":"standard","meta":[],"categories":[7],"tags":[],"_links":{"self":[{"href":"https:\/\/ladroit.org\/podcast\/wp-json\/wp\/v2\/posts\/369"}],"collection":[{"href":"https:\/\/ladroit.org\/podcast\/wp-json\/wp\/v2\/posts"}],"about":[{"href":"https:\/\/ladroit.org\/podcast\/wp-json\/wp\/v2\/types\/post"}],"author":[{"embeddable":true,"href":"https:\/\/ladroit.org\/podcast\/wp-json\/wp\/v2\/users\/2"}],"replies":[{"embeddable":true,"href":"https:\/\/ladroit.org\/podcast\/wp-json\/wp\/v2\/comments?post=369"}],"version-history":[{"count":1,"href":"https:\/\/ladroit.org\/podcast\/wp-json\/wp\/v2\/posts\/369\/revisions"}],"predecessor-version":[{"id":370,"href":"https:\/\/ladroit.org\/podcast\/wp-json\/wp\/v2\/posts\/369\/revisions\/370"}],"wp:attachment":[{"href":"https:\/\/ladroit.org\/podcast\/wp-json\/wp\/v2\/media?parent=369"}],"wp:term":[{"taxonomy":"category","embeddable":true,"href":"https:\/\/ladroit.org\/podcast\/wp-json\/wp\/v2\/categories?post=369"},{"taxonomy":"post_tag","embeddable":true,"href":"https:\/\/ladroit.org\/podcast\/wp-json\/wp\/v2\/tags?post=369"}],"curies":[{"name":"wp","href":"https:\/\/api.w.org\/{rel}","templated":true}]}}