{"id":371,"date":"2021-02-01T11:09:39","date_gmt":"2021-02-01T16:09:39","guid":{"rendered":"https:\/\/ladroit.org\/podcast\/?p=371"},"modified":"2021-02-01T11:09:40","modified_gmt":"2021-02-01T16:09:40","slug":"entrevue-de-francois-a-passion-fm-du-24-decembre-2020","status":"publish","type":"post","link":"https:\/\/ladroit.org\/podcast\/2021\/02\/01\/entrevue-de-francois-a-passion-fm-du-24-decembre-2020\/","title":{"rendered":"Entrevue de Fran\u00e7ois \u00e0 Passion-FM du 24 d\u00e9cembre 2020"},"content":{"rendered":"\n<p>No\u00ebl en confinement. Soyons solidaires et entrons en contact avec des amis dans le besoin. D\u00e9but de la vaccination au Qu\u00e9bec. Quels seront les impacts apr\u00e8s pand\u00e9mie pour les droits des personnes ? L&#8217;A-Droit donne un atelier sur le sujet chaque mois. La fracture num\u00e9rique et comment L&#8217;A-Droit peut vous aider. Nouveau comit\u00e9 covid-19 \u00e0 L&#8217;A-Droit.<\/p>\n<div class=\"powerpress_player\" id=\"powerpress_player_8096\"><!--[if lt IE 9]><script>document.createElement('audio');<\/script><![endif]-->\n<audio class=\"wp-audio-shortcode\" id=\"audio-371-1\" preload=\"none\" style=\"width: 100%;\" controls=\"controls\"><source type=\"audio\/mpeg\" src=\"https:\/\/media.blubrry.com\/podcast_de_la_droit_de\/p\/ladroit.org\/podcast\/wp-content\/uploads\/2021\/02\/passionfm24dec2020.mp3?_=1\" \/><a href=\"https:\/\/media.blubrry.com\/podcast_de_la_droit_de\/p\/ladroit.org\/podcast\/wp-content\/uploads\/2021\/02\/passionfm24dec2020.mp3\">https:\/\/media.blubrry.com\/podcast_de_la_droit_de\/p\/ladroit.org\/podcast\/wp-content\/uploads\/2021\/02\/passionfm24dec2020.mp3<\/a><\/audio><\/div><p class=\"powerpress_links powerpress_links_mp3\">Podcast: <a href=\"https:\/\/media.blubrry.com\/podcast_de_la_droit_de\/p\/ladroit.org\/podcast\/wp-content\/uploads\/2021\/02\/passionfm24dec2020.mp3\" class=\"powerpress_link_pinw\" target=\"_blank\" title=\"Play in new window\" onclick=\"return powerpress_pinw('https:\/\/ladroit.org\/podcast\/?powerpress_pinw=371-podcast');\" rel=\"nofollow\">Play in new window<\/a> | <a href=\"https:\/\/media.blubrry.com\/podcast_de_la_droit_de\/s\/ladroit.org\/podcast\/wp-content\/uploads\/2021\/02\/passionfm24dec2020.mp3\" class=\"powerpress_link_d\" title=\"Download\" rel=\"nofollow\" download=\"passionfm24dec2020.mp3\">Download<\/a><\/p><p class=\"powerpress_links powerpress_subscribe_links\">Subscribe: <a href=\"https:\/\/ladroit.org\/podcast\/feed\/podcast\/\" class=\"powerpress_link_subscribe powerpress_link_subscribe_rss\" title=\"Subscribe via RSS\" rel=\"nofollow\">RSS<\/a><\/p>","protected":false},"excerpt":{"rendered":"<p>No\u00ebl en confinement. Soyons solidaires et entrons en contact avec des amis dans le besoin. D\u00e9but de la vaccination au Qu\u00e9bec. Quels seront les impacts apr\u00e8s pand\u00e9mie pour les droits des personnes ? L&#8217;A-Droit donne un atelier sur le sujet chaque mois. La fracture num\u00e9rique et comment L&#8217;A-Droit peut vous aider. Nouveau comit\u00e9 covid-19 \u00e0 &hellip; <a href=\"https:\/\/ladroit.org\/podcast\/2021\/02\/01\/entrevue-de-francois-a-passion-fm-du-24-decembre-2020\/\" class=\"more-link\">Continuer la lecture<span class=\"screen-reader-text\"> de &laquo;&nbsp;Entrevue de Fran\u00e7ois \u00e0 Passion-FM du 24 d\u00e9cembre 2020&nbsp;&raquo;<\/span><\/a><\/p>\n","protected":false},"author":2,"featured_media":0,"comment_status":"open","ping_status":"open","sticky":false,"template":"","format":"standard","meta":[],"categories":[7],"tags":[],"_links":{"self":[{"href":"https:\/\/ladroit.org\/podcast\/wp-json\/wp\/v2\/posts\/371"}],"collection":[{"href":"https:\/\/ladroit.org\/podcast\/wp-json\/wp\/v2\/posts"}],"about":[{"href":"https:\/\/ladroit.org\/podcast\/wp-json\/wp\/v2\/types\/post"}],"author":[{"embeddable":true,"href":"https:\/\/ladroit.org\/podcast\/wp-json\/wp\/v2\/users\/2"}],"replies":[{"embeddable":true,"href":"https:\/\/ladroit.org\/podcast\/wp-json\/wp\/v2\/comments?post=371"}],"version-history":[{"count":1,"href":"https:\/\/ladroit.org\/podcast\/wp-json\/wp\/v2\/posts\/371\/revisions"}],"predecessor-version":[{"id":376,"href":"https:\/\/ladroit.org\/podcast\/wp-json\/wp\/v2\/posts\/371\/revisions\/376"}],"wp:attachment":[{"href":"https:\/\/ladroit.org\/podcast\/wp-json\/wp\/v2\/media?parent=371"}],"wp:term":[{"taxonomy":"category","embeddable":true,"href":"https:\/\/ladroit.org\/podcast\/wp-json\/wp\/v2\/categories?post=371"},{"taxonomy":"post_tag","embeddable":true,"href":"https:\/\/ladroit.org\/podcast\/wp-json\/wp\/v2\/tags?post=371"}],"curies":[{"name":"wp","href":"https:\/\/api.w.org\/{rel}","templated":true}]}}