{"id":416,"date":"2021-07-05T10:58:26","date_gmt":"2021-07-05T14:58:26","guid":{"rendered":"https:\/\/ladroit.org\/podcast\/?p=416"},"modified":"2021-07-05T10:58:28","modified_gmt":"2021-07-05T14:58:28","slug":"entrevue-de-francois-a-passion-fm-du-25-mars-2021","status":"publish","type":"post","link":"https:\/\/ladroit.org\/podcast\/2021\/07\/05\/entrevue-de-francois-a-passion-fm-du-25-mars-2021\/","title":{"rendered":"Entrevue de Fran\u00e7ois \u00e0 Passion-FM du 25 mars 2021"},"content":{"rendered":"\n<p>Suivi suite \u00e0 la pand\u00e9mie et augmentation des demandes d&#8217;aide. Cr\u00e9ation d&#8217;un comit\u00e9 et ateliers d&#8217;information sur les droits en lien avec le Covid-19. Remboursement des frais de transport des personnes en situation de pauvret\u00e9 pour la vaccination. La fracture num\u00e9rique en Chaudi\u00e8re-Appalaches. Le maintien du filet social en lien avec la pand\u00e9mie.<\/p>\n<div class=\"powerpress_player\" id=\"powerpress_player_6329\"><!--[if lt IE 9]><script>document.createElement('audio');<\/script><![endif]-->\n<audio class=\"wp-audio-shortcode\" id=\"audio-416-1\" preload=\"none\" style=\"width: 100%;\" controls=\"controls\"><source type=\"audio\/mpeg\" src=\"https:\/\/media.blubrry.com\/podcast_de_la_droit_de\/p\/ladroit.org\/balados\/passionfm25Mars2021.mp3?_=1\" \/><a href=\"https:\/\/media.blubrry.com\/podcast_de_la_droit_de\/p\/ladroit.org\/balados\/passionfm25Mars2021.mp3\">https:\/\/media.blubrry.com\/podcast_de_la_droit_de\/p\/ladroit.org\/balados\/passionfm25Mars2021.mp3<\/a><\/audio><\/div><p class=\"powerpress_links powerpress_links_mp3\">Podcast: <a href=\"https:\/\/media.blubrry.com\/podcast_de_la_droit_de\/p\/ladroit.org\/balados\/passionfm25Mars2021.mp3\" class=\"powerpress_link_pinw\" target=\"_blank\" title=\"Play in new window\" onclick=\"return powerpress_pinw('https:\/\/ladroit.org\/podcast\/?powerpress_pinw=416-podcast');\" rel=\"nofollow\">Play in new window<\/a> | <a href=\"https:\/\/media.blubrry.com\/podcast_de_la_droit_de\/s\/ladroit.org\/balados\/passionfm25Mars2021.mp3\" class=\"powerpress_link_d\" title=\"Download\" rel=\"nofollow\" download=\"passionfm25Mars2021.mp3\">Download<\/a><\/p><p class=\"powerpress_links powerpress_subscribe_links\">Subscribe: <a href=\"https:\/\/ladroit.org\/podcast\/feed\/podcast\/\" class=\"powerpress_link_subscribe powerpress_link_subscribe_rss\" title=\"Subscribe via RSS\" rel=\"nofollow\">RSS<\/a><\/p>","protected":false},"excerpt":{"rendered":"<p>Suivi suite \u00e0 la pand\u00e9mie et augmentation des demandes d&#8217;aide. Cr\u00e9ation d&#8217;un comit\u00e9 et ateliers d&#8217;information sur les droits en lien avec le Covid-19. Remboursement des frais de transport des personnes en situation de pauvret\u00e9 pour la vaccination. La fracture num\u00e9rique en Chaudi\u00e8re-Appalaches. Le maintien du filet social en lien avec la pand\u00e9mie.<\/p>\n","protected":false},"author":2,"featured_media":0,"comment_status":"open","ping_status":"open","sticky":false,"template":"","format":"standard","meta":[],"categories":[7],"tags":[],"_links":{"self":[{"href":"https:\/\/ladroit.org\/podcast\/wp-json\/wp\/v2\/posts\/416"}],"collection":[{"href":"https:\/\/ladroit.org\/podcast\/wp-json\/wp\/v2\/posts"}],"about":[{"href":"https:\/\/ladroit.org\/podcast\/wp-json\/wp\/v2\/types\/post"}],"author":[{"embeddable":true,"href":"https:\/\/ladroit.org\/podcast\/wp-json\/wp\/v2\/users\/2"}],"replies":[{"embeddable":true,"href":"https:\/\/ladroit.org\/podcast\/wp-json\/wp\/v2\/comments?post=416"}],"version-history":[{"count":1,"href":"https:\/\/ladroit.org\/podcast\/wp-json\/wp\/v2\/posts\/416\/revisions"}],"predecessor-version":[{"id":417,"href":"https:\/\/ladroit.org\/podcast\/wp-json\/wp\/v2\/posts\/416\/revisions\/417"}],"wp:attachment":[{"href":"https:\/\/ladroit.org\/podcast\/wp-json\/wp\/v2\/media?parent=416"}],"wp:term":[{"taxonomy":"category","embeddable":true,"href":"https:\/\/ladroit.org\/podcast\/wp-json\/wp\/v2\/categories?post=416"},{"taxonomy":"post_tag","embeddable":true,"href":"https:\/\/ladroit.org\/podcast\/wp-json\/wp\/v2\/tags?post=416"}],"curies":[{"name":"wp","href":"https:\/\/api.w.org\/{rel}","templated":true}]}}